{"id":462,"date":"2020-04-06T18:13:55","date_gmt":"2020-04-06T16:13:55","guid":{"rendered":"http:\/\/anne-lise.bio\/?p=462"},"modified":"2020-04-06T18:14:40","modified_gmt":"2020-04-06T16:14:40","slug":"une-huile-de-jeunesse","status":"publish","type":"post","link":"http:\/\/anne-lise.bio\/index.php\/2020\/04\/06\/une-huile-de-jeunesse\/","title":{"rendered":"Une huile de jeunesse"},"content":{"rendered":"<p>&nbsp;<\/p>\n<p><img loading=\"lazy\" decoding=\"async\" class=\"size-medium wp-image-463 aligncenter\" src=\"http:\/\/anne-lise.bio\/wp-content\/uploads\/2020\/04\/IMG_20200406_164014-249x300.jpg\" alt=\"\" width=\"249\" height=\"300\" srcset=\"http:\/\/anne-lise.bio\/wp-content\/uploads\/2020\/04\/IMG_20200406_164014-249x300.jpg 249w, http:\/\/anne-lise.bio\/wp-content\/uploads\/2020\/04\/IMG_20200406_164014-768x925.jpg 768w, http:\/\/anne-lise.bio\/wp-content\/uploads\/2020\/04\/IMG_20200406_164014-851x1024.jpg 851w\" sizes=\"(max-width: 249px) 100vw, 249px\" \/><\/p>\n<p>Princesses du printemps, les voil\u00e0 arriv\u00e9es sous nos pieds : les p\u00e2querettes !\ud83c\udf3c\ud83c\udf3c\ud83c\udf3c<br \/>\nElle arrivent donc, vers la P\u00e2ques ( d&rsquo;o\u00f9 leur nom), et sont symboles de jeunesse et de renouveau .<br \/>\nNomm\u00e9e aussi Bellis Perennis, cette joli petite fleur discr\u00e8te poss\u00e8de de beaux atouts cosm\u00e9tiques. Elle a des effets tenseurs , et apporte \u00e0 notre peau \u00e9clat et jeunesse , elle stimule la microcirculation, tonifie la peau et resserre les tissus, ce qui lui permet de raffermir les seins, de galber le buste et de lutter contre les vergetures . Voici comment utiliser ses actifs de fa\u00e7on tr\u00e8s simple .<br \/>\nC&rsquo;est un jeu d&rsquo;enfant, il suffit de la transformer en mac\u00e9ration huileuse .<br \/>\n\ud83d\udc50Pour cela , tu cueilleras autant de fleurs que tu le souhaites pour en remplir un bocal de ton choix. <img loading=\"lazy\" decoding=\"async\" class=\"alignleft wp-image-464 size-thumbnail\" src=\"http:\/\/anne-lise.bio\/wp-content\/uploads\/2020\/04\/IMG_20200404_145813-150x150.jpg\" alt=\"\" width=\"150\" height=\"150\" \/><\/p>\n<p>Mais avant de les mettre en bocal, voici mon conseil :<br \/>\nIl vaut mieux les r\u00e9colter en pin\u00e7ant la t\u00eate et sans les tiges, en plein z\u00e9nith, au soleil.\u2600 Pourquoi ? Car les fleurs doivent \u00eatre s\u00e8ches, plus elles sont humides, plus on risque de faire rancir l&rsquo;huile ou de d\u00e9velopper des moisissures dans votre mac\u00e9ration. Donc, cueillir les p\u00e2querettes entre 12 h et 15h , au soleil. Dans l&rsquo;id\u00e9al, on peut les laisser s\u00e9cher qq heures sur un tamis ou un linge ( justement pour \u00e9liminer des r\u00e9sidus d&rsquo;humidit\u00e9 ) .<\/p>\n<p><img loading=\"lazy\" decoding=\"async\" class=\"size-medium wp-image-465 aligncenter\" src=\"http:\/\/anne-lise.bio\/wp-content\/uploads\/2020\/04\/IMG_20200404_153303-225x300.jpg\" alt=\"\" width=\"225\" height=\"300\" srcset=\"http:\/\/anne-lise.bio\/wp-content\/uploads\/2020\/04\/IMG_20200404_153303-225x300.jpg 225w, http:\/\/anne-lise.bio\/wp-content\/uploads\/2020\/04\/IMG_20200404_153303-768x1024.jpg 768w\" sizes=\"(max-width: 225px) 100vw, 225px\" \/><br \/>\nEnsuite, tu peux les placer dans un bocal et immerger d&rsquo;une huile v\u00e9g\u00e9tale qui correspond a ton type de peau . Les meilleures sont : s\u00e9same, jojoba, p\u00e9pins de raisins, noisette, argan. L&rsquo;huile doit bien immerger tes fleurs.<br \/>\n\u231b\u23f3L\u00e0, c&rsquo;est le moment de laisser agir le temps et le soleil car il s&rsquo;agit bien d&rsquo;une mac\u00e9ration solaire ! Le bocal ferm\u00e9 va rester dehors , au soleil plusieurs semaines .\ud83c\udf1e Il y a 2 th\u00e9ories, j&rsquo;ai test\u00e9 les 2, et le r\u00e9sultat est aussi bon ! Certains disent que le bocal doit \u00eatre couvert d&rsquo;un petit sac ou tissu car les rayons du soleil pourraient alt\u00e9rer l&rsquo;huile. <img loading=\"lazy\" decoding=\"async\" class=\"alignleft wp-image-466 size-thumbnail\" src=\"http:\/\/anne-lise.bio\/wp-content\/uploads\/2020\/04\/IMG_20200405_165125-150x150.jpg\" alt=\"\" width=\"150\" height=\"150\" \/>D&rsquo;autres disent qu&rsquo;au contraire, le bocal doit rester expos\u00e9 au rayons du soleil . Comme souvent, j&rsquo;ai fait le choix \u00ab\u00a0du milieu\u00a0\u00bb, je pose mon bocal sur un rebord de fen\u00eatre qui est expos\u00e9e le matin seulement. Je me dis ainsi que les rayons du soleil ne seront pas trop intenses . On peut laisser le temps au temps, et juste v\u00e9rifier que les fleurs soient bien immerg\u00e9es dans l&rsquo;huile. 3 semaines minimum. Mon arri\u00e8re grand-m\u00e8re devait certainement compter en lunes . On peut donc attendre une lune ou 2.\ud83c\udf1b\u23f3\ud83c\udf1c<br \/>\nQuand tu estimes que c&rsquo;est le bon moment, l&rsquo;odeur doit \u00eatre agr\u00e9able, les p\u00e2querettes sont faiblement parfum\u00e9es, d&rsquo;o\u00f9 l&rsquo;importance de bien choisir ton huile v\u00e9g\u00e9tale, afin que ce soin quotidien te soit plaisant ! Filtrer et presser \u00e0 l&rsquo;aide d&rsquo;un linge ou d&rsquo;une compresse de pharmacie .<br \/>\nIl ne te resteras plus qu&rsquo;a te masser le visage ou le buste chaque jour avec cette huile de beaut\u00e9. Derni\u00e8re astuce pour le visage : l&rsquo;huile n&rsquo;est pas toujours une sensation agr\u00e9able parce que \u00e7a brille et c&rsquo;est un peu trop \u00e9pais sur ta peau , donc, je te conseille d&rsquo;humidifier ton visage avec une eau florale, puis d&rsquo;en appliquer qq gouttes seulement. Cela rend la p\u00e9n\u00e9tration et l&rsquo;application d\u2019un s\u00e9rum huileux bien plus agr\u00e9able.<br \/>\n\ud83c\udf37\ud83d\udc9a\ud83d\udc9b\ud83d\udc9c<br \/>\nIl est possible de rajouter quelques gouttes d&rsquo;huile essentielle de g\u00e9ranium rosat ou de lavande a ton m\u00e9lange pour l&rsquo;odeur.<br \/>\nC&rsquo;est tout ? &#8230;ben oui. Des fois la Nature, c&rsquo;est simple comme Bonjour !\ud83c\udf3f<\/p>\n<p>&nbsp;<\/p>\n<p>&nbsp;<\/p>\n","protected":false},"excerpt":{"rendered":"<p>&nbsp; Princesses du printemps, les voil\u00e0 arriv\u00e9es sous nos pieds : les p\u00e2querettes !\ud83c\udf3c\ud83c\udf3c\ud83c\udf3c Elle arrivent donc, vers la P\u00e2ques ( d&rsquo;o\u00f9 leur nom), et sont symboles de jeunesse et de renouveau . Nomm\u00e9e aussi Bellis Perennis, cette joli petite fleur discr\u00e8te poss\u00e8de de beaux atouts cosm\u00e9tiques. Elle a des effets tenseurs , et apporte [&hellip;]<\/p>\n","protected":false},"author":2,"featured_media":0,"comment_status":"open","ping_status":"open","sticky":false,"template":"","format":"standard","meta":{"_et_pb_use_builder":"","_et_pb_old_content":"","_et_gb_content_width":"","footnotes":""},"categories":[5],"tags":[],"class_list":["post-462","post","type-post","status-publish","format-standard","hentry","category-recettes-diy-faciles-et-gourmandes"],"_links":{"self":[{"href":"http:\/\/anne-lise.bio\/index.php\/wp-json\/wp\/v2\/posts\/462","targetHints":{"allow":["GET"]}}],"collection":[{"href":"http:\/\/anne-lise.bio\/index.php\/wp-json\/wp\/v2\/posts"}],"about":[{"href":"http:\/\/anne-lise.bio\/index.php\/wp-json\/wp\/v2\/types\/post"}],"author":[{"embeddable":true,"href":"http:\/\/anne-lise.bio\/index.php\/wp-json\/wp\/v2\/users\/2"}],"replies":[{"embeddable":true,"href":"http:\/\/anne-lise.bio\/index.php\/wp-json\/wp\/v2\/comments?post=462"}],"version-history":[{"count":1,"href":"http:\/\/anne-lise.bio\/index.php\/wp-json\/wp\/v2\/posts\/462\/revisions"}],"predecessor-version":[{"id":467,"href":"http:\/\/anne-lise.bio\/index.php\/wp-json\/wp\/v2\/posts\/462\/revisions\/467"}],"wp:attachment":[{"href":"http:\/\/anne-lise.bio\/index.php\/wp-json\/wp\/v2\/media?parent=462"}],"wp:term":[{"taxonomy":"category","embeddable":true,"href":"http:\/\/anne-lise.bio\/index.php\/wp-json\/wp\/v2\/categories?post=462"},{"taxonomy":"post_tag","embeddable":true,"href":"http:\/\/anne-lise.bio\/index.php\/wp-json\/wp\/v2\/tags?post=462"}],"curies":[{"name":"wp","href":"https:\/\/api.w.org\/{rel}","templated":true}]}}